{"id":663,"date":"2021-12-15T08:19:00","date_gmt":"2021-12-15T07:19:00","guid":{"rendered":"https:\/\/integration-reflexes.fr\/?p=663"},"modified":"2021-12-13T08:22:20","modified_gmt":"2021-12-13T07:22:20","slug":"beurk","status":"publish","type":"post","link":"https:\/\/integration-reflexes.fr\/?p=663","title":{"rendered":"Beurk !"},"content":{"rendered":"\n<figure class=\"wp-block-image size-large\"><img data-opt-id=737538337  fetchpriority=\"high\" decoding=\"async\" width=\"1024\" height=\"1024\" src=\"https:\/\/mlrytvlytdru.i.optimole.com\/w:1024\/h:1024\/q:mauto\/ig:avif\/https:\/\/integration-reflexes.fr\/wp-content\/uploads\/2021\/12\/couv-insta-beurk.jpg\" alt=\"\" class=\"wp-image-664\" srcset=\"https:\/\/mlrytvlytdru.i.optimole.com\/w:1024\/h:1024\/q:mauto\/ig:avif\/https:\/\/integration-reflexes.fr\/wp-content\/uploads\/2021\/12\/couv-insta-beurk.jpg 1024w, https:\/\/mlrytvlytdru.i.optimole.com\/w:300\/h:300\/q:mauto\/ig:avif\/https:\/\/integration-reflexes.fr\/wp-content\/uploads\/2021\/12\/couv-insta-beurk.jpg 300w, https:\/\/mlrytvlytdru.i.optimole.com\/w:150\/h:150\/q:mauto\/ig:avif\/https:\/\/integration-reflexes.fr\/wp-content\/uploads\/2021\/12\/couv-insta-beurk.jpg 150w, https:\/\/mlrytvlytdru.i.optimole.com\/w:768\/h:768\/q:mauto\/ig:avif\/https:\/\/integration-reflexes.fr\/wp-content\/uploads\/2021\/12\/couv-insta-beurk.jpg 768w, https:\/\/mlrytvlytdru.i.optimole.com\/w:116\/h:116\/q:mauto\/ig:avif\/https:\/\/integration-reflexes.fr\/wp-content\/uploads\/2021\/12\/couv-insta-beurk.jpg 116w, https:\/\/mlrytvlytdru.i.optimole.com\/w:1080\/h:1080\/q:mauto\/ig:avif\/https:\/\/integration-reflexes.fr\/wp-content\/uploads\/2021\/12\/couv-insta-beurk.jpg 1080w\" sizes=\"(max-width: 750px) 100vw, 750px\" \/><\/figure>\n\n\n\n<p>Les morceaux, les textures, les couleurs, tout est sujet \u00e0 un tri et \u00e0 d&rsquo;\u00e9ventuels conflits. Les repas sont devenus bien compliqu\u00e9s et ne sont un plaisir pour personne. <\/p>\n\n\n\n<p>Le r\u00e9flexe de paralysie par la peur (RPP) et le r\u00e9flexe de Babkin ont sans doute mis leur grain de sel et m\u00e9riteraient de rentrer au placard pour permettre \u00e0 tout le monde de retrouver une s\u00e9r\u00e9nit\u00e9 \u00e0 table.<\/p>\n","protected":false},"excerpt":{"rendered":"<p>Les morceaux, les textures, les couleurs, tout est sujet \u00e0 un tri et \u00e0 d&rsquo;\u00e9ventuels conflits. Les repas sont devenus bien compliqu\u00e9s et ne sont un plaisir pour personne. Le r\u00e9flexe de paralysie par la peur (RPP) et le r\u00e9flexe de Babkin ont sans doute mis leur grain de sel [&hellip;]<\/p>\n","protected":false},"author":1,"featured_media":0,"comment_status":"open","ping_status":"open","sticky":false,"template":"","format":"standard","meta":{"_themeisle_gutenberg_block_has_review":false,"footnotes":""},"categories":[87,105,62],"tags":[108,25,90,10,106,26,9,14,64,107],"class_list":["post-663","post","type-post","status-publish","format-standard","hentry","category-babkin","category-oralite","category-reflexe-de-paralysie-par-la-peur","tag-alimentation","tag-archaique","tag-babkin","tag-integration","tag-oralite","tag-primitif","tag-reflexe","tag-rmti","tag-rpp","tag-trouble-de-loralite"],"yoast_head":"<!-- This site is optimized with the Yoast SEO plugin v25.5 - https:\/\/yoast.com\/wordpress\/plugins\/seo\/ -->\n<title>Beurk ! - L&#039;int\u00e9gration des r\u00e9flexes archa\u00efques<\/title>\n<meta name=\"robots\" content=\"index, follow, max-snippet:-1, max-image-preview:large, max-video-preview:-1\" \/>\n<link rel=\"canonical\" href=\"https:\/\/integration-reflexes.fr\/?p=663\" \/>\n<meta property=\"og:locale\" content=\"fr_FR\" \/>\n<meta property=\"og:type\" content=\"article\" \/>\n<meta property=\"og:title\" content=\"Beurk ! - L&#039;int\u00e9gration des r\u00e9flexes archa\u00efques\" \/>\n<meta property=\"og:description\" content=\"Les morceaux, les textures, les couleurs, tout est sujet \u00e0 un tri et \u00e0 d&rsquo;\u00e9ventuels conflits. Les repas sont devenus bien compliqu\u00e9s et ne sont un plaisir pour personne. Le r\u00e9flexe de paralysie par la peur (RPP) et le r\u00e9flexe de Babkin ont sans doute mis leur grain de sel [&hellip;]\" \/>\n<meta property=\"og:url\" content=\"https:\/\/integration-reflexes.fr\/?p=663\" \/>\n<meta property=\"og:site_name\" content=\"L&#039;int\u00e9gration des r\u00e9flexes archa\u00efques\" \/>\n<meta property=\"article:published_time\" content=\"2021-12-15T07:19:00+00:00\" \/>\n<meta property=\"og:image\" content=\"https:\/\/mlrytvlytdru.i.optimole.com\/w:1024\/h:1024\/q:mauto\/ig:avif\/https:\/\/integration-reflexes.fr\/wp-content\/uploads\/2021\/12\/couv-insta-beurk.jpg\" \/>\n<meta name=\"author\" content=\"sophie capon\" \/>\n<meta name=\"twitter:card\" content=\"summary_large_image\" \/>\n<meta name=\"twitter:label1\" content=\"\u00c9crit par\" \/>\n\t<meta name=\"twitter:data1\" content=\"sophie capon\" \/>\n<script type=\"application\/ld+json\" class=\"yoast-schema-graph\">{\"@context\":\"https:\/\/schema.org\",\"@graph\":[{\"@type\":\"Article\",\"@id\":\"https:\/\/integration-reflexes.fr\/?p=663#article\",\"isPartOf\":{\"@id\":\"https:\/\/integration-reflexes.fr\/?p=663\"},\"author\":{\"name\":\"sophie capon\",\"@id\":\"https:\/\/integration-reflexes.fr\/#\/schema\/person\/6219b9e8941e9a291b4e7f0f51b059ec\"},\"headline\":\"Beurk !\",\"datePublished\":\"2021-12-15T07:19:00+00:00\",\"mainEntityOfPage\":{\"@id\":\"https:\/\/integration-reflexes.fr\/?p=663\"},\"wordCount\":72,\"commentCount\":0,\"publisher\":{\"@id\":\"https:\/\/integration-reflexes.fr\/#organization\"},\"image\":{\"@id\":\"https:\/\/integration-reflexes.fr\/?p=663#primaryimage\"},\"thumbnailUrl\":\"https:\/\/mlrytvlytdru.i.optimole.com\/w:1024\/h:1024\/q:mauto\/ig:avif\/https:\/\/integration-reflexes.fr\/wp-content\/uploads\/2021\/12\/couv-insta-beurk.jpg\",\"keywords\":[\"alimentation\",\"archa\u00efque\",\"Babkin\",\"int\u00e9gration\",\"oralit\u00e9\",\"primitif\",\"r\u00e9flexe\",\"RMTi\",\"RPP\",\"trouble de l&#039;oralit\u00e9\"],\"articleSection\":[\"Babkin\",\"oralit\u00e9\",\"R\u00e9flexe de Paralysie par la Peur\"],\"inLanguage\":\"fr-FR\",\"potentialAction\":[{\"@type\":\"CommentAction\",\"name\":\"Comment\",\"target\":[\"https:\/\/integration-reflexes.fr\/?p=663#respond\"]}]},{\"@type\":\"WebPage\",\"@id\":\"https:\/\/integration-reflexes.fr\/?p=663\",\"url\":\"https:\/\/integration-reflexes.fr\/?p=663\",\"name\":\"Beurk ! - L&#039;int\u00e9gration des r\u00e9flexes archa\u00efques\",\"isPartOf\":{\"@id\":\"https:\/\/integration-reflexes.fr\/#website\"},\"primaryImageOfPage\":{\"@id\":\"https:\/\/integration-reflexes.fr\/?p=663#primaryimage\"},\"image\":{\"@id\":\"https:\/\/integration-reflexes.fr\/?p=663#primaryimage\"},\"thumbnailUrl\":\"https:\/\/mlrytvlytdru.i.optimole.com\/w:1024\/h:1024\/q:mauto\/ig:avif\/https:\/\/integration-reflexes.fr\/wp-content\/uploads\/2021\/12\/couv-insta-beurk.jpg\",\"datePublished\":\"2021-12-15T07:19:00+00:00\",\"breadcrumb\":{\"@id\":\"https:\/\/integration-reflexes.fr\/?p=663#breadcrumb\"},\"inLanguage\":\"fr-FR\",\"potentialAction\":[{\"@type\":\"ReadAction\",\"target\":[\"https:\/\/integration-reflexes.fr\/?p=663\"]}]},{\"@type\":\"ImageObject\",\"inLanguage\":\"fr-FR\",\"@id\":\"https:\/\/integration-reflexes.fr\/?p=663#primaryimage\",\"url\":\"https:\/\/mlrytvlytdru.i.optimole.com\/w:1024\/h:1024\/q:mauto\/ig:avif\/https:\/\/integration-reflexes.fr\/wp-content\/uploads\/2021\/12\/couv-insta-beurk.jpg\",\"contentUrl\":\"https:\/\/mlrytvlytdru.i.optimole.com\/w:1024\/h:1024\/q:mauto\/ig:avif\/https:\/\/integration-reflexes.fr\/wp-content\/uploads\/2021\/12\/couv-insta-beurk.jpg\"},{\"@type\":\"BreadcrumbList\",\"@id\":\"https:\/\/integration-reflexes.fr\/?p=663#breadcrumb\",\"itemListElement\":[{\"@type\":\"ListItem\",\"position\":1,\"name\":\"Accueil\",\"item\":\"https:\/\/integration-reflexes.fr\/\"},{\"@type\":\"ListItem\",\"position\":2,\"name\":\"Beurk !\"}]},{\"@type\":\"WebSite\",\"@id\":\"https:\/\/integration-reflexes.fr\/#website\",\"url\":\"https:\/\/integration-reflexes.fr\/\",\"name\":\"L&#039;int\u00e9gration des r\u00e9flexes archa\u00efques\",\"description\":\"Re-connecter corps et cerveau pour retrouver un \u00e9quilibre\",\"publisher\":{\"@id\":\"https:\/\/integration-reflexes.fr\/#organization\"},\"potentialAction\":[{\"@type\":\"SearchAction\",\"target\":{\"@type\":\"EntryPoint\",\"urlTemplate\":\"https:\/\/integration-reflexes.fr\/?s={search_term_string}\"},\"query-input\":{\"@type\":\"PropertyValueSpecification\",\"valueRequired\":true,\"valueName\":\"search_term_string\"}}],\"inLanguage\":\"fr-FR\"},{\"@type\":\"Organization\",\"@id\":\"https:\/\/integration-reflexes.fr\/#organization\",\"name\":\"L&#039;int\u00e9gration des r\u00e9flexes archa\u00efques\",\"url\":\"https:\/\/integration-reflexes.fr\/\",\"logo\":{\"@type\":\"ImageObject\",\"inLanguage\":\"fr-FR\",\"@id\":\"https:\/\/integration-reflexes.fr\/#\/schema\/logo\/image\/\",\"url\":\"https:\/\/mlrytvlytdru.i.optimole.com\/w:auto\/h:auto\/q:mauto\/ig:avif\/https:\/\/integration-reflexes.fr\/wp-content\/uploads\/2021\/07\/cropped-cropped-cropped-logo-IR-transparent.png\",\"contentUrl\":\"https:\/\/mlrytvlytdru.i.optimole.com\/w:auto\/h:auto\/q:mauto\/ig:avif\/https:\/\/integration-reflexes.fr\/wp-content\/uploads\/2021\/07\/cropped-cropped-cropped-logo-IR-transparent.png\",\"width\":1500,\"height\":1494,\"caption\":\"L&#039;int\u00e9gration des r\u00e9flexes archa\u00efques\"},\"image\":{\"@id\":\"https:\/\/integration-reflexes.fr\/#\/schema\/logo\/image\/\"}},{\"@type\":\"Person\",\"@id\":\"https:\/\/integration-reflexes.fr\/#\/schema\/person\/6219b9e8941e9a291b4e7f0f51b059ec\",\"name\":\"sophie capon\",\"image\":{\"@type\":\"ImageObject\",\"inLanguage\":\"fr-FR\",\"@id\":\"https:\/\/integration-reflexes.fr\/#\/schema\/person\/image\/\",\"url\":\"https:\/\/secure.gravatar.com\/avatar\/9e446d3876e21639c1476bafeca488d2?s=96&d=mm&r=g\",\"contentUrl\":\"https:\/\/secure.gravatar.com\/avatar\/9e446d3876e21639c1476bafeca488d2?s=96&d=mm&r=g\",\"caption\":\"sophie capon\"},\"sameAs\":[\"http:\/\/integration-reflexes.fr\"],\"url\":\"https:\/\/integration-reflexes.fr\/?author=1\"}]}<\/script>\n<!-- \/ Yoast SEO plugin. -->","yoast_head_json":{"title":"Beurk ! - L&#039;int\u00e9gration des r\u00e9flexes archa\u00efques","robots":{"index":"index","follow":"follow","max-snippet":"max-snippet:-1","max-image-preview":"max-image-preview:large","max-video-preview":"max-video-preview:-1"},"canonical":"https:\/\/integration-reflexes.fr\/?p=663","og_locale":"fr_FR","og_type":"article","og_title":"Beurk ! - L&#039;int\u00e9gration des r\u00e9flexes archa\u00efques","og_description":"Les morceaux, les textures, les couleurs, tout est sujet \u00e0 un tri et \u00e0 d&rsquo;\u00e9ventuels conflits. Les repas sont devenus bien compliqu\u00e9s et ne sont un plaisir pour personne. Le r\u00e9flexe de paralysie par la peur (RPP) et le r\u00e9flexe de Babkin ont sans doute mis leur grain de sel [&hellip;]","og_url":"https:\/\/integration-reflexes.fr\/?p=663","og_site_name":"L&#039;int\u00e9gration des r\u00e9flexes archa\u00efques","article_published_time":"2021-12-15T07:19:00+00:00","og_image":[{"url":"https:\/\/mlrytvlytdru.i.optimole.com\/w:1024\/h:1024\/q:mauto\/ig:avif\/https:\/\/integration-reflexes.fr\/wp-content\/uploads\/2021\/12\/couv-insta-beurk.jpg","type":"","width":"","height":""}],"author":"sophie capon","twitter_card":"summary_large_image","twitter_misc":{"\u00c9crit par":"sophie capon"},"schema":{"@context":"https:\/\/schema.org","@graph":[{"@type":"Article","@id":"https:\/\/integration-reflexes.fr\/?p=663#article","isPartOf":{"@id":"https:\/\/integration-reflexes.fr\/?p=663"},"author":{"name":"sophie capon","@id":"https:\/\/integration-reflexes.fr\/#\/schema\/person\/6219b9e8941e9a291b4e7f0f51b059ec"},"headline":"Beurk !","datePublished":"2021-12-15T07:19:00+00:00","mainEntityOfPage":{"@id":"https:\/\/integration-reflexes.fr\/?p=663"},"wordCount":72,"commentCount":0,"publisher":{"@id":"https:\/\/integration-reflexes.fr\/#organization"},"image":{"@id":"https:\/\/integration-reflexes.fr\/?p=663#primaryimage"},"thumbnailUrl":"https:\/\/mlrytvlytdru.i.optimole.com\/w:1024\/h:1024\/q:mauto\/ig:avif\/https:\/\/integration-reflexes.fr\/wp-content\/uploads\/2021\/12\/couv-insta-beurk.jpg","keywords":["alimentation","archa\u00efque","Babkin","int\u00e9gration","oralit\u00e9","primitif","r\u00e9flexe","RMTi","RPP","trouble de l&#039;oralit\u00e9"],"articleSection":["Babkin","oralit\u00e9","R\u00e9flexe de Paralysie par la Peur"],"inLanguage":"fr-FR","potentialAction":[{"@type":"CommentAction","name":"Comment","target":["https:\/\/integration-reflexes.fr\/?p=663#respond"]}]},{"@type":"WebPage","@id":"https:\/\/integration-reflexes.fr\/?p=663","url":"https:\/\/integration-reflexes.fr\/?p=663","name":"Beurk ! - L&#039;int\u00e9gration des r\u00e9flexes archa\u00efques","isPartOf":{"@id":"https:\/\/integration-reflexes.fr\/#website"},"primaryImageOfPage":{"@id":"https:\/\/integration-reflexes.fr\/?p=663#primaryimage"},"image":{"@id":"https:\/\/integration-reflexes.fr\/?p=663#primaryimage"},"thumbnailUrl":"https:\/\/mlrytvlytdru.i.optimole.com\/w:1024\/h:1024\/q:mauto\/ig:avif\/https:\/\/integration-reflexes.fr\/wp-content\/uploads\/2021\/12\/couv-insta-beurk.jpg","datePublished":"2021-12-15T07:19:00+00:00","breadcrumb":{"@id":"https:\/\/integration-reflexes.fr\/?p=663#breadcrumb"},"inLanguage":"fr-FR","potentialAction":[{"@type":"ReadAction","target":["https:\/\/integration-reflexes.fr\/?p=663"]}]},{"@type":"ImageObject","inLanguage":"fr-FR","@id":"https:\/\/integration-reflexes.fr\/?p=663#primaryimage","url":"https:\/\/mlrytvlytdru.i.optimole.com\/w:1024\/h:1024\/q:mauto\/ig:avif\/https:\/\/integration-reflexes.fr\/wp-content\/uploads\/2021\/12\/couv-insta-beurk.jpg","contentUrl":"https:\/\/mlrytvlytdru.i.optimole.com\/w:1024\/h:1024\/q:mauto\/ig:avif\/https:\/\/integration-reflexes.fr\/wp-content\/uploads\/2021\/12\/couv-insta-beurk.jpg"},{"@type":"BreadcrumbList","@id":"https:\/\/integration-reflexes.fr\/?p=663#breadcrumb","itemListElement":[{"@type":"ListItem","position":1,"name":"Accueil","item":"https:\/\/integration-reflexes.fr\/"},{"@type":"ListItem","position":2,"name":"Beurk !"}]},{"@type":"WebSite","@id":"https:\/\/integration-reflexes.fr\/#website","url":"https:\/\/integration-reflexes.fr\/","name":"L&#039;int\u00e9gration des r\u00e9flexes archa\u00efques","description":"Re-connecter corps et cerveau pour retrouver un \u00e9quilibre","publisher":{"@id":"https:\/\/integration-reflexes.fr\/#organization"},"potentialAction":[{"@type":"SearchAction","target":{"@type":"EntryPoint","urlTemplate":"https:\/\/integration-reflexes.fr\/?s={search_term_string}"},"query-input":{"@type":"PropertyValueSpecification","valueRequired":true,"valueName":"search_term_string"}}],"inLanguage":"fr-FR"},{"@type":"Organization","@id":"https:\/\/integration-reflexes.fr\/#organization","name":"L&#039;int\u00e9gration des r\u00e9flexes archa\u00efques","url":"https:\/\/integration-reflexes.fr\/","logo":{"@type":"ImageObject","inLanguage":"fr-FR","@id":"https:\/\/integration-reflexes.fr\/#\/schema\/logo\/image\/","url":"https:\/\/mlrytvlytdru.i.optimole.com\/w:auto\/h:auto\/q:mauto\/ig:avif\/https:\/\/integration-reflexes.fr\/wp-content\/uploads\/2021\/07\/cropped-cropped-cropped-logo-IR-transparent.png","contentUrl":"https:\/\/mlrytvlytdru.i.optimole.com\/w:auto\/h:auto\/q:mauto\/ig:avif\/https:\/\/integration-reflexes.fr\/wp-content\/uploads\/2021\/07\/cropped-cropped-cropped-logo-IR-transparent.png","width":1500,"height":1494,"caption":"L&#039;int\u00e9gration des r\u00e9flexes archa\u00efques"},"image":{"@id":"https:\/\/integration-reflexes.fr\/#\/schema\/logo\/image\/"}},{"@type":"Person","@id":"https:\/\/integration-reflexes.fr\/#\/schema\/person\/6219b9e8941e9a291b4e7f0f51b059ec","name":"sophie capon","image":{"@type":"ImageObject","inLanguage":"fr-FR","@id":"https:\/\/integration-reflexes.fr\/#\/schema\/person\/image\/","url":"https:\/\/secure.gravatar.com\/avatar\/9e446d3876e21639c1476bafeca488d2?s=96&d=mm&r=g","contentUrl":"https:\/\/secure.gravatar.com\/avatar\/9e446d3876e21639c1476bafeca488d2?s=96&d=mm&r=g","caption":"sophie capon"},"sameAs":["http:\/\/integration-reflexes.fr"],"url":"https:\/\/integration-reflexes.fr\/?author=1"}]}},"_links":{"self":[{"href":"https:\/\/integration-reflexes.fr\/index.php?rest_route=\/wp\/v2\/posts\/663","targetHints":{"allow":["GET"]}}],"collection":[{"href":"https:\/\/integration-reflexes.fr\/index.php?rest_route=\/wp\/v2\/posts"}],"about":[{"href":"https:\/\/integration-reflexes.fr\/index.php?rest_route=\/wp\/v2\/types\/post"}],"author":[{"embeddable":true,"href":"https:\/\/integration-reflexes.fr\/index.php?rest_route=\/wp\/v2\/users\/1"}],"replies":[{"embeddable":true,"href":"https:\/\/integration-reflexes.fr\/index.php?rest_route=%2Fwp%2Fv2%2Fcomments&post=663"}],"version-history":[{"count":1,"href":"https:\/\/integration-reflexes.fr\/index.php?rest_route=\/wp\/v2\/posts\/663\/revisions"}],"predecessor-version":[{"id":665,"href":"https:\/\/integration-reflexes.fr\/index.php?rest_route=\/wp\/v2\/posts\/663\/revisions\/665"}],"wp:attachment":[{"href":"https:\/\/integration-reflexes.fr\/index.php?rest_route=%2Fwp%2Fv2%2Fmedia&parent=663"}],"wp:term":[{"taxonomy":"category","embeddable":true,"href":"https:\/\/integration-reflexes.fr\/index.php?rest_route=%2Fwp%2Fv2%2Fcategories&post=663"},{"taxonomy":"post_tag","embeddable":true,"href":"https:\/\/integration-reflexes.fr\/index.php?rest_route=%2Fwp%2Fv2%2Ftags&post=663"}],"curies":[{"name":"wp","href":"https:\/\/api.w.org\/{rel}","templated":true}]}}