{"id":598,"date":"2021-09-30T10:00:00","date_gmt":"2021-09-30T08:00:00","guid":{"rendered":"http:\/\/integration-reflexes.fr\/?p=598"},"modified":"2021-09-27T18:13:30","modified_gmt":"2021-09-27T16:13:30","slug":"le-velo","status":"publish","type":"post","link":"https:\/\/integration-reflexes.fr\/?p=598","title":{"rendered":"Le v\u00e9lo\u2026"},"content":{"rendered":"\n<figure class=\"wp-block-image size-large\"><img data-opt-id=1116988608  fetchpriority=\"high\" decoding=\"async\" width=\"1024\" height=\"682\" src=\"https:\/\/mlrytvlytdru.i.optimole.com\/w:1024\/h:682\/q:mauto\/ig:avif\/http:\/\/integration-reflexes.fr\/wp-content\/uploads\/2021\/09\/velo.png\" alt=\"\" class=\"wp-image-599\" srcset=\"https:\/\/mlrytvlytdru.i.optimole.com\/w:1024\/h:682\/q:mauto\/ig:avif\/https:\/\/integration-reflexes.fr\/wp-content\/uploads\/2021\/09\/velo.png 1024w, https:\/\/mlrytvlytdru.i.optimole.com\/w:300\/h:200\/q:mauto\/ig:avif\/https:\/\/integration-reflexes.fr\/wp-content\/uploads\/2021\/09\/velo.png 300w, https:\/\/mlrytvlytdru.i.optimole.com\/w:768\/h:512\/q:mauto\/ig:avif\/https:\/\/integration-reflexes.fr\/wp-content\/uploads\/2021\/09\/velo.png 768w, https:\/\/mlrytvlytdru.i.optimole.com\/w:360\/h:240\/q:mauto\/ig:avif\/https:\/\/integration-reflexes.fr\/wp-content\/uploads\/2021\/09\/velo.png 360w, https:\/\/mlrytvlytdru.i.optimole.com\/w:174\/h:116\/q:mauto\/ig:avif\/https:\/\/integration-reflexes.fr\/wp-content\/uploads\/2021\/09\/velo.png 174w, https:\/\/mlrytvlytdru.i.optimole.com\/w:1264\/h:842\/q:mauto\/ig:avif\/https:\/\/integration-reflexes.fr\/wp-content\/uploads\/2021\/09\/velo.png 1264w\" sizes=\"(max-width: 750px) 100vw, 750px\" \/><\/figure>\n\n\n\n<p>A la fois un moyen de locomotion tr\u00e8s pratique et un loisir tr\u00e8s pris\u00e9 par petits et grands. <\/p>\n\n\n\n<p>Alors quand son apprentissage est difficile, c\u2019est beaucoup de moments agr\u00e9ables dont on se prive. S\u2019il vous est difficile de tenir sur cet engin, il est fort possible que le fameux R\u00e9flexe Tonique Asym\u00e9trique du Cou soit le grand responsable. <\/p>\n\n\n\n<p>En quelques s\u00e9ances et avec des mouvements quotidiens, il y a de grandes chances que tout rentre dans l\u2019ordre\u00a0! A vous les balades \u00e0 v\u00e9lo\u00a0! <\/p>\n\n\n\n<p>#reflexesarcha\u00efques #reflexesprimitifs #velo #\u00e9quilibre #RTAC #reflexes<\/p>\n","protected":false},"excerpt":{"rendered":"<p>A la fois un moyen de locomotion tr\u00e8s pratique et un loisir tr\u00e8s pris\u00e9 par petits et grands. Alors quand son apprentissage est difficile, c\u2019est beaucoup de moments agr\u00e9ables dont on se prive. S\u2019il vous est difficile de tenir sur cet engin, il est fort possible que le fameux R\u00e9flexe [&hellip;]<\/p>\n","protected":false},"author":1,"featured_media":0,"comment_status":"open","ping_status":"open","sticky":false,"template":"","format":"standard","meta":{"_themeisle_gutenberg_block_has_review":false,"footnotes":""},"categories":[1],"tags":[25,48,10,26,9,22,67],"class_list":["post-598","post","type-post","status-publish","format-standard","hentry","category-non-classe","tag-archaique","tag-equilibre","tag-integration","tag-primitif","tag-reflexe","tag-rtac","tag-velo"],"yoast_head":"<!-- This site is optimized with the Yoast SEO plugin v25.5 - https:\/\/yoast.com\/wordpress\/plugins\/seo\/ -->\n<title>Le v\u00e9lo\u2026 - L&#039;int\u00e9gration des r\u00e9flexes archa\u00efques<\/title>\n<meta name=\"robots\" content=\"index, follow, max-snippet:-1, max-image-preview:large, max-video-preview:-1\" \/>\n<link rel=\"canonical\" href=\"https:\/\/integration-reflexes.fr\/?p=598\" \/>\n<meta property=\"og:locale\" content=\"fr_FR\" \/>\n<meta property=\"og:type\" content=\"article\" \/>\n<meta property=\"og:title\" content=\"Le v\u00e9lo\u2026 - L&#039;int\u00e9gration des r\u00e9flexes archa\u00efques\" \/>\n<meta property=\"og:description\" content=\"A la fois un moyen de locomotion tr\u00e8s pratique et un loisir tr\u00e8s pris\u00e9 par petits et grands. Alors quand son apprentissage est difficile, c\u2019est beaucoup de moments agr\u00e9ables dont on se prive. S\u2019il vous est difficile de tenir sur cet engin, il est fort possible que le fameux R\u00e9flexe [&hellip;]\" \/>\n<meta property=\"og:url\" content=\"https:\/\/integration-reflexes.fr\/?p=598\" \/>\n<meta property=\"og:site_name\" content=\"L&#039;int\u00e9gration des r\u00e9flexes archa\u00efques\" \/>\n<meta property=\"article:published_time\" content=\"2021-09-30T08:00:00+00:00\" \/>\n<meta property=\"og:image\" content=\"https:\/\/mlrytvlytdru.i.optimole.com\/w:1024\/h:682\/q:mauto\/ig:avif\/http:\/\/integration-reflexes.fr\/wp-content\/uploads\/2021\/09\/velo.png\" \/>\n<meta name=\"author\" content=\"sophie capon\" \/>\n<meta name=\"twitter:card\" content=\"summary_large_image\" \/>\n<meta name=\"twitter:label1\" content=\"\u00c9crit par\" \/>\n\t<meta name=\"twitter:data1\" content=\"sophie capon\" \/>\n<script type=\"application\/ld+json\" class=\"yoast-schema-graph\">{\"@context\":\"https:\/\/schema.org\",\"@graph\":[{\"@type\":\"Article\",\"@id\":\"https:\/\/integration-reflexes.fr\/?p=598#article\",\"isPartOf\":{\"@id\":\"https:\/\/integration-reflexes.fr\/?p=598\"},\"author\":{\"name\":\"sophie capon\",\"@id\":\"https:\/\/integration-reflexes.fr\/#\/schema\/person\/6219b9e8941e9a291b4e7f0f51b059ec\"},\"headline\":\"Le v\u00e9lo\u2026\",\"datePublished\":\"2021-09-30T08:00:00+00:00\",\"mainEntityOfPage\":{\"@id\":\"https:\/\/integration-reflexes.fr\/?p=598\"},\"wordCount\":102,\"commentCount\":0,\"publisher\":{\"@id\":\"https:\/\/integration-reflexes.fr\/#organization\"},\"image\":{\"@id\":\"https:\/\/integration-reflexes.fr\/?p=598#primaryimage\"},\"thumbnailUrl\":\"https:\/\/mlrytvlytdru.i.optimole.com\/w:1024\/h:682\/q:mauto\/ig:avif\/http:\/\/integration-reflexes.fr\/wp-content\/uploads\/2021\/09\/velo.png\",\"keywords\":[\"archa\u00efque\",\"\u00e9quilibre\",\"int\u00e9gration\",\"primitif\",\"r\u00e9flexe\",\"RTAC\",\"v\u00e9lo\"],\"inLanguage\":\"fr-FR\",\"potentialAction\":[{\"@type\":\"CommentAction\",\"name\":\"Comment\",\"target\":[\"https:\/\/integration-reflexes.fr\/?p=598#respond\"]}]},{\"@type\":\"WebPage\",\"@id\":\"https:\/\/integration-reflexes.fr\/?p=598\",\"url\":\"https:\/\/integration-reflexes.fr\/?p=598\",\"name\":\"Le v\u00e9lo\u2026 - L&#039;int\u00e9gration des r\u00e9flexes archa\u00efques\",\"isPartOf\":{\"@id\":\"https:\/\/integration-reflexes.fr\/#website\"},\"primaryImageOfPage\":{\"@id\":\"https:\/\/integration-reflexes.fr\/?p=598#primaryimage\"},\"image\":{\"@id\":\"https:\/\/integration-reflexes.fr\/?p=598#primaryimage\"},\"thumbnailUrl\":\"https:\/\/mlrytvlytdru.i.optimole.com\/w:1024\/h:682\/q:mauto\/ig:avif\/http:\/\/integration-reflexes.fr\/wp-content\/uploads\/2021\/09\/velo.png\",\"datePublished\":\"2021-09-30T08:00:00+00:00\",\"breadcrumb\":{\"@id\":\"https:\/\/integration-reflexes.fr\/?p=598#breadcrumb\"},\"inLanguage\":\"fr-FR\",\"potentialAction\":[{\"@type\":\"ReadAction\",\"target\":[\"https:\/\/integration-reflexes.fr\/?p=598\"]}]},{\"@type\":\"ImageObject\",\"inLanguage\":\"fr-FR\",\"@id\":\"https:\/\/integration-reflexes.fr\/?p=598#primaryimage\",\"url\":\"https:\/\/mlrytvlytdru.i.optimole.com\/w:auto\/h:auto\/q:mauto\/ig:avif\/https:\/\/integration-reflexes.fr\/wp-content\/uploads\/2021\/09\/velo.png\",\"contentUrl\":\"https:\/\/mlrytvlytdru.i.optimole.com\/w:auto\/h:auto\/q:mauto\/ig:avif\/https:\/\/integration-reflexes.fr\/wp-content\/uploads\/2021\/09\/velo.png\",\"width\":1264,\"height\":842,\"caption\":\"Sophie Capon, praticienne en int\u00e9gration des r\u00e9flexes archa\u00efques, la maison des colibris, Bouguenais 44\"},{\"@type\":\"BreadcrumbList\",\"@id\":\"https:\/\/integration-reflexes.fr\/?p=598#breadcrumb\",\"itemListElement\":[{\"@type\":\"ListItem\",\"position\":1,\"name\":\"Accueil\",\"item\":\"https:\/\/integration-reflexes.fr\/\"},{\"@type\":\"ListItem\",\"position\":2,\"name\":\"Le v\u00e9lo\u2026\"}]},{\"@type\":\"WebSite\",\"@id\":\"https:\/\/integration-reflexes.fr\/#website\",\"url\":\"https:\/\/integration-reflexes.fr\/\",\"name\":\"L&#039;int\u00e9gration des r\u00e9flexes archa\u00efques\",\"description\":\"Re-connecter corps et cerveau pour retrouver un \u00e9quilibre\",\"publisher\":{\"@id\":\"https:\/\/integration-reflexes.fr\/#organization\"},\"potentialAction\":[{\"@type\":\"SearchAction\",\"target\":{\"@type\":\"EntryPoint\",\"urlTemplate\":\"https:\/\/integration-reflexes.fr\/?s={search_term_string}\"},\"query-input\":{\"@type\":\"PropertyValueSpecification\",\"valueRequired\":true,\"valueName\":\"search_term_string\"}}],\"inLanguage\":\"fr-FR\"},{\"@type\":\"Organization\",\"@id\":\"https:\/\/integration-reflexes.fr\/#organization\",\"name\":\"L&#039;int\u00e9gration des r\u00e9flexes archa\u00efques\",\"url\":\"https:\/\/integration-reflexes.fr\/\",\"logo\":{\"@type\":\"ImageObject\",\"inLanguage\":\"fr-FR\",\"@id\":\"https:\/\/integration-reflexes.fr\/#\/schema\/logo\/image\/\",\"url\":\"https:\/\/mlrytvlytdru.i.optimole.com\/w:auto\/h:auto\/q:mauto\/ig:avif\/https:\/\/integration-reflexes.fr\/wp-content\/uploads\/2021\/07\/cropped-cropped-cropped-logo-IR-transparent.png\",\"contentUrl\":\"https:\/\/mlrytvlytdru.i.optimole.com\/w:auto\/h:auto\/q:mauto\/ig:avif\/https:\/\/integration-reflexes.fr\/wp-content\/uploads\/2021\/07\/cropped-cropped-cropped-logo-IR-transparent.png\",\"width\":1500,\"height\":1494,\"caption\":\"L&#039;int\u00e9gration des r\u00e9flexes archa\u00efques\"},\"image\":{\"@id\":\"https:\/\/integration-reflexes.fr\/#\/schema\/logo\/image\/\"}},{\"@type\":\"Person\",\"@id\":\"https:\/\/integration-reflexes.fr\/#\/schema\/person\/6219b9e8941e9a291b4e7f0f51b059ec\",\"name\":\"sophie capon\",\"image\":{\"@type\":\"ImageObject\",\"inLanguage\":\"fr-FR\",\"@id\":\"https:\/\/integration-reflexes.fr\/#\/schema\/person\/image\/\",\"url\":\"https:\/\/secure.gravatar.com\/avatar\/9e446d3876e21639c1476bafeca488d2?s=96&d=mm&r=g\",\"contentUrl\":\"https:\/\/secure.gravatar.com\/avatar\/9e446d3876e21639c1476bafeca488d2?s=96&d=mm&r=g\",\"caption\":\"sophie capon\"},\"sameAs\":[\"http:\/\/integration-reflexes.fr\"],\"url\":\"https:\/\/integration-reflexes.fr\/?author=1\"}]}<\/script>\n<!-- \/ Yoast SEO plugin. -->","yoast_head_json":{"title":"Le v\u00e9lo\u2026 - L&#039;int\u00e9gration des r\u00e9flexes archa\u00efques","robots":{"index":"index","follow":"follow","max-snippet":"max-snippet:-1","max-image-preview":"max-image-preview:large","max-video-preview":"max-video-preview:-1"},"canonical":"https:\/\/integration-reflexes.fr\/?p=598","og_locale":"fr_FR","og_type":"article","og_title":"Le v\u00e9lo\u2026 - L&#039;int\u00e9gration des r\u00e9flexes archa\u00efques","og_description":"A la fois un moyen de locomotion tr\u00e8s pratique et un loisir tr\u00e8s pris\u00e9 par petits et grands. Alors quand son apprentissage est difficile, c\u2019est beaucoup de moments agr\u00e9ables dont on se prive. S\u2019il vous est difficile de tenir sur cet engin, il est fort possible que le fameux R\u00e9flexe [&hellip;]","og_url":"https:\/\/integration-reflexes.fr\/?p=598","og_site_name":"L&#039;int\u00e9gration des r\u00e9flexes archa\u00efques","article_published_time":"2021-09-30T08:00:00+00:00","og_image":[{"url":"https:\/\/mlrytvlytdru.i.optimole.com\/w:1024\/h:682\/q:mauto\/ig:avif\/http:\/\/integration-reflexes.fr\/wp-content\/uploads\/2021\/09\/velo.png","type":"","width":"","height":""}],"author":"sophie capon","twitter_card":"summary_large_image","twitter_misc":{"\u00c9crit par":"sophie capon"},"schema":{"@context":"https:\/\/schema.org","@graph":[{"@type":"Article","@id":"https:\/\/integration-reflexes.fr\/?p=598#article","isPartOf":{"@id":"https:\/\/integration-reflexes.fr\/?p=598"},"author":{"name":"sophie capon","@id":"https:\/\/integration-reflexes.fr\/#\/schema\/person\/6219b9e8941e9a291b4e7f0f51b059ec"},"headline":"Le v\u00e9lo\u2026","datePublished":"2021-09-30T08:00:00+00:00","mainEntityOfPage":{"@id":"https:\/\/integration-reflexes.fr\/?p=598"},"wordCount":102,"commentCount":0,"publisher":{"@id":"https:\/\/integration-reflexes.fr\/#organization"},"image":{"@id":"https:\/\/integration-reflexes.fr\/?p=598#primaryimage"},"thumbnailUrl":"https:\/\/mlrytvlytdru.i.optimole.com\/w:1024\/h:682\/q:mauto\/ig:avif\/http:\/\/integration-reflexes.fr\/wp-content\/uploads\/2021\/09\/velo.png","keywords":["archa\u00efque","\u00e9quilibre","int\u00e9gration","primitif","r\u00e9flexe","RTAC","v\u00e9lo"],"inLanguage":"fr-FR","potentialAction":[{"@type":"CommentAction","name":"Comment","target":["https:\/\/integration-reflexes.fr\/?p=598#respond"]}]},{"@type":"WebPage","@id":"https:\/\/integration-reflexes.fr\/?p=598","url":"https:\/\/integration-reflexes.fr\/?p=598","name":"Le v\u00e9lo\u2026 - L&#039;int\u00e9gration des r\u00e9flexes archa\u00efques","isPartOf":{"@id":"https:\/\/integration-reflexes.fr\/#website"},"primaryImageOfPage":{"@id":"https:\/\/integration-reflexes.fr\/?p=598#primaryimage"},"image":{"@id":"https:\/\/integration-reflexes.fr\/?p=598#primaryimage"},"thumbnailUrl":"https:\/\/mlrytvlytdru.i.optimole.com\/w:1024\/h:682\/q:mauto\/ig:avif\/http:\/\/integration-reflexes.fr\/wp-content\/uploads\/2021\/09\/velo.png","datePublished":"2021-09-30T08:00:00+00:00","breadcrumb":{"@id":"https:\/\/integration-reflexes.fr\/?p=598#breadcrumb"},"inLanguage":"fr-FR","potentialAction":[{"@type":"ReadAction","target":["https:\/\/integration-reflexes.fr\/?p=598"]}]},{"@type":"ImageObject","inLanguage":"fr-FR","@id":"https:\/\/integration-reflexes.fr\/?p=598#primaryimage","url":"https:\/\/mlrytvlytdru.i.optimole.com\/w:auto\/h:auto\/q:mauto\/ig:avif\/https:\/\/integration-reflexes.fr\/wp-content\/uploads\/2021\/09\/velo.png","contentUrl":"https:\/\/mlrytvlytdru.i.optimole.com\/w:auto\/h:auto\/q:mauto\/ig:avif\/https:\/\/integration-reflexes.fr\/wp-content\/uploads\/2021\/09\/velo.png","width":1264,"height":842,"caption":"Sophie Capon, praticienne en int\u00e9gration des r\u00e9flexes archa\u00efques, la maison des colibris, Bouguenais 44"},{"@type":"BreadcrumbList","@id":"https:\/\/integration-reflexes.fr\/?p=598#breadcrumb","itemListElement":[{"@type":"ListItem","position":1,"name":"Accueil","item":"https:\/\/integration-reflexes.fr\/"},{"@type":"ListItem","position":2,"name":"Le v\u00e9lo\u2026"}]},{"@type":"WebSite","@id":"https:\/\/integration-reflexes.fr\/#website","url":"https:\/\/integration-reflexes.fr\/","name":"L&#039;int\u00e9gration des r\u00e9flexes archa\u00efques","description":"Re-connecter corps et cerveau pour retrouver un \u00e9quilibre","publisher":{"@id":"https:\/\/integration-reflexes.fr\/#organization"},"potentialAction":[{"@type":"SearchAction","target":{"@type":"EntryPoint","urlTemplate":"https:\/\/integration-reflexes.fr\/?s={search_term_string}"},"query-input":{"@type":"PropertyValueSpecification","valueRequired":true,"valueName":"search_term_string"}}],"inLanguage":"fr-FR"},{"@type":"Organization","@id":"https:\/\/integration-reflexes.fr\/#organization","name":"L&#039;int\u00e9gration des r\u00e9flexes archa\u00efques","url":"https:\/\/integration-reflexes.fr\/","logo":{"@type":"ImageObject","inLanguage":"fr-FR","@id":"https:\/\/integration-reflexes.fr\/#\/schema\/logo\/image\/","url":"https:\/\/mlrytvlytdru.i.optimole.com\/w:auto\/h:auto\/q:mauto\/ig:avif\/https:\/\/integration-reflexes.fr\/wp-content\/uploads\/2021\/07\/cropped-cropped-cropped-logo-IR-transparent.png","contentUrl":"https:\/\/mlrytvlytdru.i.optimole.com\/w:auto\/h:auto\/q:mauto\/ig:avif\/https:\/\/integration-reflexes.fr\/wp-content\/uploads\/2021\/07\/cropped-cropped-cropped-logo-IR-transparent.png","width":1500,"height":1494,"caption":"L&#039;int\u00e9gration des r\u00e9flexes archa\u00efques"},"image":{"@id":"https:\/\/integration-reflexes.fr\/#\/schema\/logo\/image\/"}},{"@type":"Person","@id":"https:\/\/integration-reflexes.fr\/#\/schema\/person\/6219b9e8941e9a291b4e7f0f51b059ec","name":"sophie capon","image":{"@type":"ImageObject","inLanguage":"fr-FR","@id":"https:\/\/integration-reflexes.fr\/#\/schema\/person\/image\/","url":"https:\/\/secure.gravatar.com\/avatar\/9e446d3876e21639c1476bafeca488d2?s=96&d=mm&r=g","contentUrl":"https:\/\/secure.gravatar.com\/avatar\/9e446d3876e21639c1476bafeca488d2?s=96&d=mm&r=g","caption":"sophie capon"},"sameAs":["http:\/\/integration-reflexes.fr"],"url":"https:\/\/integration-reflexes.fr\/?author=1"}]}},"_links":{"self":[{"href":"https:\/\/integration-reflexes.fr\/index.php?rest_route=\/wp\/v2\/posts\/598","targetHints":{"allow":["GET"]}}],"collection":[{"href":"https:\/\/integration-reflexes.fr\/index.php?rest_route=\/wp\/v2\/posts"}],"about":[{"href":"https:\/\/integration-reflexes.fr\/index.php?rest_route=\/wp\/v2\/types\/post"}],"author":[{"embeddable":true,"href":"https:\/\/integration-reflexes.fr\/index.php?rest_route=\/wp\/v2\/users\/1"}],"replies":[{"embeddable":true,"href":"https:\/\/integration-reflexes.fr\/index.php?rest_route=%2Fwp%2Fv2%2Fcomments&post=598"}],"version-history":[{"count":1,"href":"https:\/\/integration-reflexes.fr\/index.php?rest_route=\/wp\/v2\/posts\/598\/revisions"}],"predecessor-version":[{"id":600,"href":"https:\/\/integration-reflexes.fr\/index.php?rest_route=\/wp\/v2\/posts\/598\/revisions\/600"}],"wp:attachment":[{"href":"https:\/\/integration-reflexes.fr\/index.php?rest_route=%2Fwp%2Fv2%2Fmedia&parent=598"}],"wp:term":[{"taxonomy":"category","embeddable":true,"href":"https:\/\/integration-reflexes.fr\/index.php?rest_route=%2Fwp%2Fv2%2Fcategories&post=598"},{"taxonomy":"post_tag","embeddable":true,"href":"https:\/\/integration-reflexes.fr\/index.php?rest_route=%2Fwp%2Fv2%2Ftags&post=598"}],"curies":[{"name":"wp","href":"https:\/\/api.w.org\/{rel}","templated":true}]}}